{"id":131430,"date":"2019-10-15T08:30:40","date_gmt":"2019-10-15T12:30:40","guid":{"rendered":"https:\/\/i24imag1dev.wpenginepowered.com\/?p=131430"},"modified":"2026-02-13T09:06:56","modified_gmt":"2026-02-13T14:06:56","slug":"il-faut-une-communaute-pour-batir-une-entreprise","status":"publish","type":"post","link":"https:\/\/i24image.com\/fr\/blog\/il-faut-une-communaute-pour-batir-une-entreprise\/","title":{"rendered":"Il faut une communaut\u00e9 pour b\u00e2tir une entreprise."},"content":{"rendered":"<h2><strong>Il faut une communaut\u00e9 pour b\u00e2tir une entreprise.<\/strong><\/h2>\n<p>i24 appuie plusieurs de nos organismes communautaires. Certes, c\u2019est bon pour les affaires, mais surtout, c\u2019est du bon voisinage.<\/p>\n<p>Qu\u2019il s\u2019agisse de fournir des ressources \u00e0 un organisme qui soutient les jeunes sans-abris ou d\u2019accrocher des <a href=\"http:\/\/www.artforhealingfoundation.org\/\">\u0153uvres d\u2019art<\/a> dans une r\u00e9sidence pour personnes \u00e2g\u00e9es, c\u2019est une question de vivre ensemble.<\/p>\n<p>Nous ne travaillons plus derri\u00e8re des enceintes entour\u00e9es de douves. Les m\u00e9dias sociaux ont transform\u00e9 ces murailles en fen\u00eatres. Aujourd\u2019hui, nos voisins peuvent ais\u00e9ment voir si l\u2019empereur est bel et bien v\u00eatu.<\/p>\n<p style=\"text-align: center;\">\u00ab Ne jugez pas un jour d\u2019apr\u00e8s la r\u00e9colte que vous en rapportez, mais d\u2019apr\u00e8s les graines que vous avez plant\u00e9es. \u00bb<\/p>\n<p style=\"text-align: center;\">\u2013 Robert Lewis Stevenson<\/p>\n<p><strong>Voici quelques-uns des organismes communautaires dont nous sommes les fiers partenaires.<\/strong><\/p>\n<p><a href=\"http:\/\/www.natureconservancy.ca\/fr\/\"><img fetchpriority=\"high\" decoding=\"async\" class=\"alignnone wp-image-131433 size-full\" src=\"https:\/\/i24image.com\/wp-content\/uploads\/2019\/10\/NCC-banner-800x205-FR.png\" alt=\"\" width=\"800\" height=\"205\" srcset=\"https:\/\/i24image.com\/wp-content\/uploads\/2019\/10\/NCC-banner-800x205-FR.png 800w, https:\/\/i24image.com\/wp-content\/uploads\/2019\/10\/NCC-banner-800x205-FR-300x77.png 300w, https:\/\/i24image.com\/wp-content\/uploads\/2019\/10\/NCC-banner-800x205-FR-768x197.png 768w, https:\/\/i24image.com\/wp-content\/uploads\/2019\/10\/NCC-banner-800x205-FR-200x51.png 200w, https:\/\/i24image.com\/wp-content\/uploads\/2019\/10\/NCC-banner-800x205-FR-400x103.png 400w, https:\/\/i24image.com\/wp-content\/uploads\/2019\/10\/NCC-banner-800x205-FR-600x154.png 600w\" sizes=\"(max-width: 800px) 100vw, 800px\" \/><\/a><\/p>\n<p style=\"text-align: left;\">Depuis sa fondation en 1962, CNC a aid\u00e9 \u00e0 pr\u00e9server 14 millions d\u2019hectares (35\u00a0millions d\u2019acres) d\u2019aires \u00e9cologiques significatives d\u2019un oc\u00e9an \u00e0 l\u2019autre.<\/p>\n<p style=\"text-align: left;\">La Terre est notre seule maison. Il faut la prot\u00e9ger et la soigner. <a href=\"https:\/\/donate.natureconservancy.ca\/page\/25744\/donate\/1?_ga=2.242380609.2107920833.1569954866-1906351441.1569954866\"><em>Cliquez ici pour faire un don.<\/em><\/a><\/p>\n<p><a href=\"http:\/\/www.fondationdelartpourlaguerison.org\/dons\/\"><img decoding=\"async\" class=\"alignnone wp-image-131437 size-full\" src=\"https:\/\/i24image.com\/wp-content\/uploads\/2019\/10\/Art-for-healing-Fr.png\" alt=\"La Fondation de l\u2019art pour la gu\u00e9rison\" width=\"800\" height=\"220\" srcset=\"https:\/\/i24image.com\/wp-content\/uploads\/2019\/10\/Art-for-healing-Fr.png 800w, https:\/\/i24image.com\/wp-content\/uploads\/2019\/10\/Art-for-healing-Fr-300x83.png 300w, https:\/\/i24image.com\/wp-content\/uploads\/2019\/10\/Art-for-healing-Fr-768x211.png 768w, https:\/\/i24image.com\/wp-content\/uploads\/2019\/10\/Art-for-healing-Fr-200x55.png 200w, https:\/\/i24image.com\/wp-content\/uploads\/2019\/10\/Art-for-healing-Fr-400x110.png 400w, https:\/\/i24image.com\/wp-content\/uploads\/2019\/10\/Art-for-healing-Fr-600x165.png 600w\" sizes=\"(max-width: 800px) 100vw, 800px\" \/><\/a><\/p>\n<h2><span style=\"font-size: 20px; color: #de2a2c;\"><strong>La th\u00e9rapie par l\u2019art<\/strong> <strong>\u2013<\/strong> <strong>La Fondation de l\u2019art pour la gu\u00e9rison<\/strong><\/span><\/h2>\n<p>La <a href=\"http:\/\/www.artforhealingfoundation.org\/donate\/\"><strong>\u00a0Fondation<\/strong><\/a><strong> de l\u2019art pour la gu\u00e9rison<\/strong> apporte le pouvoir curatif de l\u2019art dans les h\u00f4pitaux et les centres de soins. Ainsi, les lieux destin\u00e9s au public et aux patents sont transform\u00e9s en milieux inspirants qui procurent s\u00e9r\u00e9nit\u00e9 et espoir aux patients, \u00e0 leurs familles et \u00e0 leurs soignants.<\/p>\n<p>Depuis 2002, la Fondation a install\u00e9 plus de 12\u00a0000 \u0153uvres d\u2019art dans 83\u00a0\u00e9tablissements de soins de sant\u00e9 au Quebec, en Ontario, \u00e0 Terre-Neuve-et-Labrador, en Nouvelle-\u00c9cosse, en Colombie-Britannique, en Alberta, au Manitoba et \u00e0 Paris.\u00a0 <a href=\"http:\/\/www.artforhealingfoundation.org\/donate\/\"><em>Cliquez ici pour faire un don.<\/em><\/a><\/p>\n<p><span style=\"color: #b0222d; font-size: 20px;\"><strong>Les animaux font partie de nos communaut\u00e9s \u2013 La SPCA de Montr\u00e9al<\/strong><\/span><\/p>\n<p>\u00ab\u00a0On peut juger de la grandeur d\u2019une soci\u00e9t\u00e9 et de sa moralit\u00e9 d\u2019apr\u00e8s son traitement des animaux. \u00bb &#8211; Mahatma Gandhi<\/p>\n<p>La SPCA de Montr\u00e9al a pour mission de :<\/p>\n<p>\u2013 prot\u00e9ger les animaux de la n\u00e9gligence, de l\u2019abus et d l\u2019exploitation;<\/p>\n<p>\u2013 repr\u00e9senter leurs int\u00e9r\u00eats et assurer leur bien-\u00eatre;<\/p>\n<p>\u2013 favoriser la sensibilisation du public et la compassion pour tous les \u00eatres vivants.<\/p>\n<p><a href=\"https:\/\/www.spca.com\/en\/donate\/\">Cliquez ici pour faire un don<\/a><\/p>\n<p><a href=\"https:\/\/danslarue.org\/a-propos-de-nous\/pere-emmett-johns-pops\"><img decoding=\"async\" class=\"alignnone wp-image-131440 size-full\" src=\"https:\/\/i24image.com\/wp-content\/uploads\/2019\/10\/Dans-la-rue-fr.png\" alt=\"Tout le monde m\u00e9rite un foyer \u2013 Dans la rue\" width=\"1232\" height=\"339\" srcset=\"https:\/\/i24image.com\/wp-content\/uploads\/2019\/10\/Dans-la-rue-fr.png 1232w, https:\/\/i24image.com\/wp-content\/uploads\/2019\/10\/Dans-la-rue-fr-300x83.png 300w, https:\/\/i24image.com\/wp-content\/uploads\/2019\/10\/Dans-la-rue-fr-768x211.png 768w, https:\/\/i24image.com\/wp-content\/uploads\/2019\/10\/Dans-la-rue-fr-1024x282.png 1024w, https:\/\/i24image.com\/wp-content\/uploads\/2019\/10\/Dans-la-rue-fr-200x55.png 200w, https:\/\/i24image.com\/wp-content\/uploads\/2019\/10\/Dans-la-rue-fr-400x110.png 400w, https:\/\/i24image.com\/wp-content\/uploads\/2019\/10\/Dans-la-rue-fr-600x165.png 600w, https:\/\/i24image.com\/wp-content\/uploads\/2019\/10\/Dans-la-rue-fr-800x220.png 800w, https:\/\/i24image.com\/wp-content\/uploads\/2019\/10\/Dans-la-rue-fr-1200x330.png 1200w\" sizes=\"(max-width: 1232px) 100vw, 1232px\" \/><\/a><\/p>\n<h2><span style=\"color: #ffe501; background-color: #000000; font-size: 20px;\"><strong>Tout le monde m\u00e9rite un foyer \u2013 Dans la rue<\/strong><\/span><\/h2>\n<blockquote>\n<p style=\"text-align: left;\"><em>\u00ab Mon c\u0153ur est rempli d\u2019espoir pour ces jeunes. Je sais tr\u00e8s bien qu\u2019il y a des limites \u00e0 ce que je peux faire. Je ne peux pas les sauver tous. Mais quand je pense \u00e0 Lise Johnny, Daniel, Molly et \u00e0 tant d\u2019autres, je me rends compte qu\u2019apr\u00e8s chaque nuit sombre et difficile, m\u00eame les pires, un nouveau jour se l\u00e8ve, ainsi qu\u2019un matin rempli d\u2019espoir. \u00bb \u2013\u00a0 P\u00e8re Emmett Johns<\/em><\/p>\n<\/blockquote>\n<p>La soci\u00e9t\u00e9 gaspille de pr\u00e9cieuses ressources \u00e0 tenter de r\u00e9gler les probl\u00e8mes qu\u2019elle a cr\u00e9\u00e9s au lieu de consacrer ces ressources \u00e0 les pr\u00e9venir.\u00a0 <a href=\"https:\/\/www.spca.com\/en\/donate\/\">Cliquez ici pour faire un don<\/a>.<\/p>\n<p><a href=\"https:\/\/www.faunafoundation.org\/\"><img loading=\"lazy\" decoding=\"async\" class=\"alignnone wp-image-131417 size-full\" src=\"https:\/\/i24image.com\/wp-content\/uploads\/2019\/10\/The-Fauna-Foundation.png\" alt=\"The Fauna Foundation\" width=\"1232\" height=\"339\" srcset=\"https:\/\/i24image.com\/wp-content\/uploads\/2019\/10\/The-Fauna-Foundation.png 1232w, https:\/\/i24image.com\/wp-content\/uploads\/2019\/10\/The-Fauna-Foundation-300x83.png 300w, https:\/\/i24image.com\/wp-content\/uploads\/2019\/10\/The-Fauna-Foundation-768x211.png 768w, https:\/\/i24image.com\/wp-content\/uploads\/2019\/10\/The-Fauna-Foundation-1024x282.png 1024w, https:\/\/i24image.com\/wp-content\/uploads\/2019\/10\/The-Fauna-Foundation-200x55.png 200w, https:\/\/i24image.com\/wp-content\/uploads\/2019\/10\/The-Fauna-Foundation-400x110.png 400w, https:\/\/i24image.com\/wp-content\/uploads\/2019\/10\/The-Fauna-Foundation-600x165.png 600w, https:\/\/i24image.com\/wp-content\/uploads\/2019\/10\/The-Fauna-Foundation-800x220.png 800w, https:\/\/i24image.com\/wp-content\/uploads\/2019\/10\/The-Fauna-Foundation-1200x330.png 1200w\" sizes=\"(max-width: 1232px) 100vw, 1232px\" \/><\/a><\/p>\n<h3><span style=\"color: #a2b69b;\"><strong>Des chimpanz\u00e9s au Canada, vous dites? \u2013 <\/strong><a style=\"color: #a2b69b;\" href=\"https:\/\/www.faunafoundation.org\/\"><strong>La Fondation Fauna <\/strong><\/a><\/span><\/h3>\n<p>La Fondation Fauna est situ\u00e9e tout juste \u00e0 l\u2019est de Montr\u00e9al. L\u2019objectif premier de la Fondation Fauna est de constituer un refuge pour les animaux d\u2019\u00e9levage et domestiques n\u00e9glig\u00e9s ou maltrait\u00e9s, ainsi que pour les chimpanz\u00e9s retir\u00e9s de la recherche biom\u00e9dicale.<\/p>\n<p>\u00ab En faisant de la sensibilisation, nous esp\u00e9rons favoriser une meilleure compr\u00e9hension de tous les animaux ainsi que l\u2019exploration de notre responsabilit\u00e9, en tant qu\u2019humains, de veiller au bien-\u00eatre de toutes les cr\u00e9atures terrestres. \u00bb<\/p>\n<p><a href=\"https:\/\/www.faunafoundation.org\/donate\/\">Cliquez ici pour faire un don<\/a><\/p>\n<p>Une entreprise est compos\u00e9e de personnes soucieuses de leur communaut\u00e9. Quelle que soit la cause, choisissez la mission qui r\u00e9sonne pour vous et demandez l&rsquo;aide de votre \u00e9quipe pour la soutenir.<\/p>\n<p>\u201cUne mar\u00e9e montante soul\u00e8ve tous les bateaux.\u201d &#8211; JFK<\/p>\n","protected":false},"excerpt":{"rendered":"<p>Il faut une communaut\u00e9 pour b\u00e2tir une entreprise. i24 appuie plusieurs de nos organismes communautaires. Certes, c\u2019est bon pour les affaires, mais surtout, c\u2019est du bon voisinage. Qu\u2019il s\u2019agisse de fournir des ressources \u00e0 un organisme qui soutient les jeunes sans-abris ou d\u2019accrocher des \u0153uvres d\u2019art dans une r\u00e9sidence pour personnes \u00e2g\u00e9es, c\u2019est une question [&hellip;]<\/p>\n","protected":false},"author":460,"featured_media":131431,"comment_status":"closed","ping_status":"closed","sticky":false,"template":"","format":"standard","meta":{"_acf_changed":false,"footnotes":""},"categories":[4610,4039],"tags":[4607,2518,2521,2519,73,2522,2520,137],"class_list":["post-131430","post","type-post","status-publish","format-standard","has-post-thumbnail","hentry","category-call-answering-fr","category-centre-dappel","tag-call-answering-service-fr","tag-communaute","tag-conservation-de-la-nature","tag-entreprise","tag-fondation-de-lart-pour-la-guerison","tag-la-fondation-fauna","tag-partenaires","tag-spca-de-montreal"],"acf":[],"yoast_head":"<!-- This site is optimized with the Yoast SEO Premium plugin v27.4 (Yoast SEO v27.4) - https:\/\/yoast.com\/product\/yoast-seo-premium-wordpress\/ -->\n<title>Il faut une communaut\u00e9 pour b\u00e2tir une entreprise. | i24<\/title>\n<meta name=\"description\" content=\"Une entreprise est compos\u00e9e de personnes soucieuses de leur communaut\u00e9. Quelle que soit la cause, choisissez la mission qui r\u00e9sonne pour vous la soutenir.\" \/>\n<meta name=\"robots\" content=\"index, follow, max-snippet:-1, max-image-preview:large, max-video-preview:-1\" \/>\n<link rel=\"canonical\" href=\"https:\/\/i24image.com\/fr\/blog\/il-faut-une-communaute-pour-batir-une-entreprise\/\" \/>\n<script type=\"application\/ld+json\" class=\"yoast-schema-graph\">{\"@context\":\"https:\\\/\\\/schema.org\",\"@graph\":[{\"@type\":[\"Article\",\"BlogPosting\"],\"@id\":\"https:\\\/\\\/i24image.com\\\/fr\\\/blog\\\/il-faut-une-communaute-pour-batir-une-entreprise\\\/#article\",\"isPartOf\":{\"@id\":\"https:\\\/\\\/i24image.com\\\/fr\\\/blog\\\/il-faut-une-communaute-pour-batir-une-entreprise\\\/\"},\"author\":{\"name\":\"i24 Content Team\",\"@id\":\"https:\\\/\\\/i24image.com\\\/fr\\\/#\\\/schema\\\/person\\\/d6f9734a81df19fe6c6d1dfded72a920\"},\"headline\":\"Il faut une communaut\u00e9 pour b\u00e2tir une entreprise.\",\"datePublished\":\"2019-10-15T12:30:40+00:00\",\"dateModified\":\"2026-02-13T14:06:56+00:00\",\"mainEntityOfPage\":{\"@id\":\"https:\\\/\\\/i24image.com\\\/fr\\\/blog\\\/il-faut-une-communaute-pour-batir-une-entreprise\\\/\"},\"wordCount\":673,\"publisher\":{\"@id\":\"https:\\\/\\\/i24image.com\\\/fr\\\/#organization\"},\"image\":{\"@id\":\"https:\\\/\\\/i24image.com\\\/fr\\\/blog\\\/il-faut-une-communaute-pour-batir-une-entreprise\\\/#primaryimage\"},\"thumbnailUrl\":\"https:\\\/\\\/i24image.com\\\/wp-content\\\/uploads\\\/2019\\\/10\\\/Community-Organization.png\",\"keywords\":[\"Call Answering Service\",\"communaut\u00e9\",\"Conservation de la nature\",\"entreprise\",\"Fondation de l\u2019art pour la gu\u00e9rison\",\"La Fondation Fauna\",\"partenaires.\",\"SPCA de Montr\u00e9al\"],\"articleSection\":[\"Call Answering\",\"Centre D'Appel\"],\"inLanguage\":\"fr-FR\"},{\"@type\":\"WebPage\",\"@id\":\"https:\\\/\\\/i24image.com\\\/fr\\\/blog\\\/il-faut-une-communaute-pour-batir-une-entreprise\\\/\",\"url\":\"https:\\\/\\\/i24image.com\\\/fr\\\/blog\\\/il-faut-une-communaute-pour-batir-une-entreprise\\\/\",\"name\":\"Il faut une communaut\u00e9 pour b\u00e2tir une entreprise. | i24\",\"isPartOf\":{\"@id\":\"https:\\\/\\\/i24image.com\\\/fr\\\/#website\"},\"primaryImageOfPage\":{\"@id\":\"https:\\\/\\\/i24image.com\\\/fr\\\/blog\\\/il-faut-une-communaute-pour-batir-une-entreprise\\\/#primaryimage\"},\"image\":{\"@id\":\"https:\\\/\\\/i24image.com\\\/fr\\\/blog\\\/il-faut-une-communaute-pour-batir-une-entreprise\\\/#primaryimage\"},\"thumbnailUrl\":\"https:\\\/\\\/i24image.com\\\/wp-content\\\/uploads\\\/2019\\\/10\\\/Community-Organization.png\",\"datePublished\":\"2019-10-15T12:30:40+00:00\",\"dateModified\":\"2026-02-13T14:06:56+00:00\",\"description\":\"Une entreprise est compos\u00e9e de personnes soucieuses de leur communaut\u00e9. Quelle que soit la cause, choisissez la mission qui r\u00e9sonne pour vous la soutenir.\",\"breadcrumb\":{\"@id\":\"https:\\\/\\\/i24image.com\\\/fr\\\/blog\\\/il-faut-une-communaute-pour-batir-une-entreprise\\\/#breadcrumb\"},\"inLanguage\":\"fr-FR\",\"potentialAction\":[{\"@type\":\"ReadAction\",\"target\":[\"https:\\\/\\\/i24image.com\\\/fr\\\/blog\\\/il-faut-une-communaute-pour-batir-une-entreprise\\\/\"]}]},{\"@type\":\"ImageObject\",\"inLanguage\":\"fr-FR\",\"@id\":\"https:\\\/\\\/i24image.com\\\/fr\\\/blog\\\/il-faut-une-communaute-pour-batir-une-entreprise\\\/#primaryimage\",\"url\":\"https:\\\/\\\/i24image.com\\\/wp-content\\\/uploads\\\/2019\\\/10\\\/Community-Organization.png\",\"contentUrl\":\"https:\\\/\\\/i24image.com\\\/wp-content\\\/uploads\\\/2019\\\/10\\\/Community-Organization.png\",\"width\":1500,\"height\":500,\"caption\":\"Il faut une communaut\u00e9 pour b\u00e2tir une entreprise.\"},{\"@type\":\"BreadcrumbList\",\"@id\":\"https:\\\/\\\/i24image.com\\\/fr\\\/blog\\\/il-faut-une-communaute-pour-batir-une-entreprise\\\/#breadcrumb\",\"itemListElement\":[{\"@type\":\"ListItem\",\"position\":1,\"name\":\"Home\",\"item\":\"https:\\\/\\\/i24image.com\\\/fr\\\/\"},{\"@type\":\"ListItem\",\"position\":2,\"name\":\"Il faut une communaut\u00e9 pour b\u00e2tir une entreprise.\"}]},{\"@type\":\"WebSite\",\"@id\":\"https:\\\/\\\/i24image.com\\\/fr\\\/#website\",\"url\":\"https:\\\/\\\/i24image.com\\\/fr\\\/\",\"name\":\"i24\",\"description\":\"Call Management Solutions\",\"publisher\":{\"@id\":\"https:\\\/\\\/i24image.com\\\/fr\\\/#organization\"},\"potentialAction\":[{\"@type\":\"SearchAction\",\"target\":{\"@type\":\"EntryPoint\",\"urlTemplate\":\"https:\\\/\\\/i24image.com\\\/fr\\\/?s={search_term_string}\"},\"query-input\":{\"@type\":\"PropertyValueSpecification\",\"valueRequired\":true,\"valueName\":\"search_term_string\"}}],\"inLanguage\":\"fr-FR\"},{\"@type\":\"Organization\",\"@id\":\"https:\\\/\\\/i24image.com\\\/fr\\\/#organization\",\"name\":\"i24 Call Management Solutions\",\"url\":\"https:\\\/\\\/i24image.com\\\/fr\\\/\",\"logo\":{\"@type\":\"ImageObject\",\"inLanguage\":\"fr-FR\",\"@id\":\"https:\\\/\\\/i24image.com\\\/fr\\\/#\\\/schema\\\/logo\\\/image\\\/\",\"url\":\"https:\\\/\\\/i24image.com\\\/wp-content\\\/uploads\\\/2026\\\/02\\\/cropped-squared-logo-i24-dark-FR.png\",\"contentUrl\":\"https:\\\/\\\/i24image.com\\\/wp-content\\\/uploads\\\/2026\\\/02\\\/cropped-squared-logo-i24-dark-FR.png\",\"width\":512,\"height\":512,\"caption\":\"i24 Call Management Solutions\"},\"image\":{\"@id\":\"https:\\\/\\\/i24image.com\\\/fr\\\/#\\\/schema\\\/logo\\\/image\\\/\"},\"sameAs\":[\"https:\\\/\\\/www.facebook.com\\\/i24Call\",\"https:\\\/\\\/x.com\\\/i24call\",\"https:\\\/\\\/www.instagram.com\\\/i24_call_management_solutions\\\/\",\"https:\\\/\\\/www.linkedin.com\\\/company\\\/image24\",\"https:\\\/\\\/www.youtube.com\\\/channel\\\/UCGfxMRkQyiET0RK70gN9sUQ\"]},{\"@type\":\"Person\",\"@id\":\"https:\\\/\\\/i24image.com\\\/fr\\\/#\\\/schema\\\/person\\\/d6f9734a81df19fe6c6d1dfded72a920\",\"name\":\"i24 Content Team\"}]}<\/script>\n<!-- \/ Yoast SEO Premium plugin. -->","yoast_head_json":{"title":"Il faut une communaut\u00e9 pour b\u00e2tir une entreprise. | i24","description":"Une entreprise est compos\u00e9e de personnes soucieuses de leur communaut\u00e9. Quelle que soit la cause, choisissez la mission qui r\u00e9sonne pour vous la soutenir.","robots":{"index":"index","follow":"follow","max-snippet":"max-snippet:-1","max-image-preview":"max-image-preview:large","max-video-preview":"max-video-preview:-1"},"canonical":"https:\/\/i24image.com\/fr\/blog\/il-faut-une-communaute-pour-batir-une-entreprise\/","schema":{"@context":"https:\/\/schema.org","@graph":[{"@type":["Article","BlogPosting"],"@id":"https:\/\/i24image.com\/fr\/blog\/il-faut-une-communaute-pour-batir-une-entreprise\/#article","isPartOf":{"@id":"https:\/\/i24image.com\/fr\/blog\/il-faut-une-communaute-pour-batir-une-entreprise\/"},"author":{"name":"i24 Content Team","@id":"https:\/\/i24image.com\/fr\/#\/schema\/person\/d6f9734a81df19fe6c6d1dfded72a920"},"headline":"Il faut une communaut\u00e9 pour b\u00e2tir une entreprise.","datePublished":"2019-10-15T12:30:40+00:00","dateModified":"2026-02-13T14:06:56+00:00","mainEntityOfPage":{"@id":"https:\/\/i24image.com\/fr\/blog\/il-faut-une-communaute-pour-batir-une-entreprise\/"},"wordCount":673,"publisher":{"@id":"https:\/\/i24image.com\/fr\/#organization"},"image":{"@id":"https:\/\/i24image.com\/fr\/blog\/il-faut-une-communaute-pour-batir-une-entreprise\/#primaryimage"},"thumbnailUrl":"https:\/\/i24image.com\/wp-content\/uploads\/2019\/10\/Community-Organization.png","keywords":["Call Answering Service","communaut\u00e9","Conservation de la nature","entreprise","Fondation de l\u2019art pour la gu\u00e9rison","La Fondation Fauna","partenaires.","SPCA de Montr\u00e9al"],"articleSection":["Call Answering","Centre D'Appel"],"inLanguage":"fr-FR"},{"@type":"WebPage","@id":"https:\/\/i24image.com\/fr\/blog\/il-faut-une-communaute-pour-batir-une-entreprise\/","url":"https:\/\/i24image.com\/fr\/blog\/il-faut-une-communaute-pour-batir-une-entreprise\/","name":"Il faut une communaut\u00e9 pour b\u00e2tir une entreprise. | i24","isPartOf":{"@id":"https:\/\/i24image.com\/fr\/#website"},"primaryImageOfPage":{"@id":"https:\/\/i24image.com\/fr\/blog\/il-faut-une-communaute-pour-batir-une-entreprise\/#primaryimage"},"image":{"@id":"https:\/\/i24image.com\/fr\/blog\/il-faut-une-communaute-pour-batir-une-entreprise\/#primaryimage"},"thumbnailUrl":"https:\/\/i24image.com\/wp-content\/uploads\/2019\/10\/Community-Organization.png","datePublished":"2019-10-15T12:30:40+00:00","dateModified":"2026-02-13T14:06:56+00:00","description":"Une entreprise est compos\u00e9e de personnes soucieuses de leur communaut\u00e9. Quelle que soit la cause, choisissez la mission qui r\u00e9sonne pour vous la soutenir.","breadcrumb":{"@id":"https:\/\/i24image.com\/fr\/blog\/il-faut-une-communaute-pour-batir-une-entreprise\/#breadcrumb"},"inLanguage":"fr-FR","potentialAction":[{"@type":"ReadAction","target":["https:\/\/i24image.com\/fr\/blog\/il-faut-une-communaute-pour-batir-une-entreprise\/"]}]},{"@type":"ImageObject","inLanguage":"fr-FR","@id":"https:\/\/i24image.com\/fr\/blog\/il-faut-une-communaute-pour-batir-une-entreprise\/#primaryimage","url":"https:\/\/i24image.com\/wp-content\/uploads\/2019\/10\/Community-Organization.png","contentUrl":"https:\/\/i24image.com\/wp-content\/uploads\/2019\/10\/Community-Organization.png","width":1500,"height":500,"caption":"Il faut une communaut\u00e9 pour b\u00e2tir une entreprise."},{"@type":"BreadcrumbList","@id":"https:\/\/i24image.com\/fr\/blog\/il-faut-une-communaute-pour-batir-une-entreprise\/#breadcrumb","itemListElement":[{"@type":"ListItem","position":1,"name":"Home","item":"https:\/\/i24image.com\/fr\/"},{"@type":"ListItem","position":2,"name":"Il faut une communaut\u00e9 pour b\u00e2tir une entreprise."}]},{"@type":"WebSite","@id":"https:\/\/i24image.com\/fr\/#website","url":"https:\/\/i24image.com\/fr\/","name":"i24","description":"Call Management Solutions","publisher":{"@id":"https:\/\/i24image.com\/fr\/#organization"},"potentialAction":[{"@type":"SearchAction","target":{"@type":"EntryPoint","urlTemplate":"https:\/\/i24image.com\/fr\/?s={search_term_string}"},"query-input":{"@type":"PropertyValueSpecification","valueRequired":true,"valueName":"search_term_string"}}],"inLanguage":"fr-FR"},{"@type":"Organization","@id":"https:\/\/i24image.com\/fr\/#organization","name":"i24 Call Management Solutions","url":"https:\/\/i24image.com\/fr\/","logo":{"@type":"ImageObject","inLanguage":"fr-FR","@id":"https:\/\/i24image.com\/fr\/#\/schema\/logo\/image\/","url":"https:\/\/i24image.com\/wp-content\/uploads\/2026\/02\/cropped-squared-logo-i24-dark-FR.png","contentUrl":"https:\/\/i24image.com\/wp-content\/uploads\/2026\/02\/cropped-squared-logo-i24-dark-FR.png","width":512,"height":512,"caption":"i24 Call Management Solutions"},"image":{"@id":"https:\/\/i24image.com\/fr\/#\/schema\/logo\/image\/"},"sameAs":["https:\/\/www.facebook.com\/i24Call","https:\/\/x.com\/i24call","https:\/\/www.instagram.com\/i24_call_management_solutions\/","https:\/\/www.linkedin.com\/company\/image24","https:\/\/www.youtube.com\/channel\/UCGfxMRkQyiET0RK70gN9sUQ"]},{"@type":"Person","@id":"https:\/\/i24image.com\/fr\/#\/schema\/person\/d6f9734a81df19fe6c6d1dfded72a920","name":"i24 Content Team"}]}},"_links":{"self":[{"href":"https:\/\/i24image.com\/fr\/wp-json\/wp\/v2\/posts\/131430","targetHints":{"allow":["GET"]}}],"collection":[{"href":"https:\/\/i24image.com\/fr\/wp-json\/wp\/v2\/posts"}],"about":[{"href":"https:\/\/i24image.com\/fr\/wp-json\/wp\/v2\/types\/post"}],"author":[{"embeddable":true,"href":"https:\/\/i24image.com\/fr\/wp-json\/wp\/v2\/users\/460"}],"replies":[{"embeddable":true,"href":"https:\/\/i24image.com\/fr\/wp-json\/wp\/v2\/comments?post=131430"}],"version-history":[{"count":0,"href":"https:\/\/i24image.com\/fr\/wp-json\/wp\/v2\/posts\/131430\/revisions"}],"wp:featuredmedia":[{"embeddable":true,"href":"https:\/\/i24image.com\/fr\/wp-json\/wp\/v2\/media\/131431"}],"wp:attachment":[{"href":"https:\/\/i24image.com\/fr\/wp-json\/wp\/v2\/media?parent=131430"}],"wp:term":[{"taxonomy":"category","embeddable":true,"href":"https:\/\/i24image.com\/fr\/wp-json\/wp\/v2\/categories?post=131430"},{"taxonomy":"post_tag","embeddable":true,"href":"https:\/\/i24image.com\/fr\/wp-json\/wp\/v2\/tags?post=131430"}],"curies":[{"name":"wp","href":"https:\/\/api.w.org\/{rel}","templated":true}]}}